{"id":8539,"date":"2025-07-07T06:00:00","date_gmt":"2025-07-07T06:00:00","guid":{"rendered":"https:\/\/yemayarevista.com\/?p=8539"},"modified":"2025-08-08T11:33:57","modified_gmt":"2025-08-08T11:33:57","slug":"la-prision-bulgara","status":"publish","type":"post","link":"https:\/\/yemayarevista.com\/ca\/la-prision-bulgara\/","title":{"rendered":"La pres\u00f3 b\u00falgara"},"content":{"rendered":"<h2 class=\"wp-block-heading\">Bulg\u00e0ria representa la porta d'entrada al que es coneix com la ruta dels Balcans, per la qual cosa tamb\u00e9 \u00e9s la porta d'entrada a Europa d'aquelles peersones que intenten arribar al continent per terra&nbsp;<\/h2>\n\n\n\n<p>Busmantsi se encuentra en el pueblo con el mismo nombre, a las afueras de la capital b\u00falgara.&nbsp; A su alrededor no hay nada, y pocos salen y entran de \u00e9l; tan solo los trabajadores. Quien ah\u00ed dentro reside tiene prohibida la salida. Busmantsi es un centro de detenci\u00f3n, o como lo llama el Ministerio del Interior b\u00falgaro, un \u201c<a href=\"https:\/\/mvr.bg\/migration\/%D0%98%D0%BD%D1%84%D0%BE%D1%80%D0%BC%D0%B0%D1%86%D0%B8%D0%BE%D0%BD%D0%B5%D0%BD-%D1%86%D0%B5%D0%BD%D1%82%D1%8A%D1%80\/%D0%9F%D0%BE%D0%BB%D0%B5%D0%B7%D0%BD%D0%B0-%D0%B8%D0%BD%D1%84%D0%BE%D1%80%D0%BC%D0%B0%D1%86%D0%B8%D1%8F\/%D0%BF%D1%80%D0%B5%D0%B4%D0%BB%D0%BE%D0%B6%D0%B5%D0%BD%D0%B8%D1%8F-%D0%BC%D0%BD%D0%B5%D0%BD%D0%B8%D1%8F-%D0%B8-%D1%81%D0%B8%D0%B3%D0%BD%D0%B0%D0%BB%D0%B8\" target=\"_blank\" rel=\"noreferrer noopener\">Llar Especial per a l\u2019Allotjament Temporal d'Estrangers<\/a>\u201d. T\u00e9 una capacitat de 400 persones, per\u00f2 sol haver-n\u2019hi m\u00e9s. Els seus murs estan coronats amb filferro, les seves portes tancades i barrades, i tan sols les finestres de la part alta dels dos edificis que el conformen poden veure's des de fora.&nbsp;<\/p>\n\n\n\n<p>Busmantsi, segons expliquen els que s\u2019hi troben i confirmen informes d'institucions oficials i ONGs, <strong>\u00e9s la representaci\u00f3 d'un infern que seria impossible creure que est\u00e0 en terra europeu si no fos perqu\u00e8 \u00e9s aix\u00ed<\/strong>. \u201cEs como la prisi\u00f3n de Saydnaya en Siria. Sufrimos hambre, suciedad, sarna. Hay muchos insectos y \u00e1caros. A veces golpean a los detenidos con porras o con la mano\u201d,&nbsp; son algunos de los escasos testimonios que algunas organizaciones han podido <a href=\"https:\/\/bloodyborders.org\/wp-content\/uploads\/2025\/04\/The-Bulgarian-Trap.pdf\" target=\"_blank\" rel=\"noreferrer noopener\">recopilar<\/a>, ja que pocs s'atreveixen a parlar.<\/p>\n\n\n\n<p>Amb dades, ja el 2014 Human Right Watch <a href=\"https:\/\/www.hrw.org\/report\/2014\/04\/28\/containment-plan\/bulgarias-pushbacks-and-detention-syrian-and-other-asylum-seekers\" target=\"_blank\" rel=\"noreferrer noopener\">denunciava<\/a> que les 486 persones all\u00ed detingudes en aquell moment estaven amuntegades en dormitoris de fins a 30 persones. Es destacava la falta de calefacci\u00f3 \u2014a Bulg\u00e0ria a l'hivern es pot arribar fins als 15 graus sota zero\u2014, llits en mal estat, finestres trencades, poc espai per a seure, poc menjar i viol\u00e8ncia policial: pallisses, puntades de peu i a\u00efllament en cel\u00b7les de c\u00e0stig. &nbsp;<\/p>\n\n\n\n<p>La legislaci\u00f3 b\u00falgara (LARB) i Llei d'Asil i Refugiats (LAR) diferencia entre la detenci\u00f3 d'immigrants irregulars i sol\u00b7licitants d'asil, prescrivint terminis per a garantir el seu allotjament per separat (un principi que tamb\u00e9 defensa el CPT). La LAR estipula que <strong>quan es presenta una sol\u00b7licitud d'asil, l'estranger detingut ha de ser traslladat a un centre d'acollida obert en un termini de 6 dies, per\u00f2 aix\u00f2 no es compleix en la majoria dels casos<\/strong>.<\/p>\n\n\n\n<p>Una cosa que sap b\u00e9 Abdulrahman Al-Khalidi, periodista dissident i defensor dels drets humans saudita, qui porta m\u00e9s de 40 mesos en aquesta gaireb\u00e9 pres\u00f3 o, almenys, aix\u00ed la descriu ell: \u201caquest lloc no \u00e9s una pres\u00f3 oficial per\u00f2 som presoners\u201d.&nbsp;<\/p>\n\n\n\n<pre class=\"wp-block-verse has-text-align-left destacado has-text-color\" style=\"color:#516fb5;font-size:25px;font-style:normal;font-weight:700\">\"Hay muchos insectos y \u00e1caros. A veces golpean a los detenidos con porras o con la mano\" <\/pre>\n\n\n\n<p><strong>Al-Khalidi va fugir de l'Ar\u00e0bia Saudita el 2013, despr\u00e9s de ser perseguit pel seu activisme pac\u00edfic en defensa dels drets dels presos<\/strong> i la seva participaci\u00f3 al moviment <a href=\"https:\/\/sites.google.com\/bee.army\/bee-army\" target=\"_blank\" rel=\"noreferrer noopener\">Bees Army<\/a>. A l'octubre del 2021 va creuar a Bulg\u00e0ria des de Turquia per a sol\u00b7licitar l\u2019asil i va ser detingut immediatament i portat a Busmantsi. \u201cDurant els \u00faltims 2 anys i 8 mesos que porto a Bulg\u00e0ria, he estat privat de llibertat i nom\u00e9s puc imaginar un lloc on la gent sigui lliure i viva en un Estat democr\u00e0tic, la qual cosa Bulg\u00e0ria diu ser\u201d.&nbsp;<\/p>\n\n\n\n<h2 class=\"wp-block-heading\">La porta d'entrada a Europa<\/h2>\n\n\n\n<p>Bulgaria representa la puerta de entrada a lo que se conoce como la ruta de los Balcanes, por lo que tambi\u00e9n es la puerta de entrada a Europa de aquellos quienes intentan llegar por tierra al continente.&nbsp; Se entiende, as\u00ed, que tambi\u00e9n sea <strong>la frontera en la qual la Uni\u00f3 Europea inverteix m\u00e9s diners i efectius per a aplicar les seves (necro)pol\u00edtiques migrat\u00f2ries<\/strong>. Al mar\u00e7 del 2023, la presidenta de la Comissi\u00f3, Ursula Von der Leyen, <a href=\"https:\/\/www.statewatch.org\/media\/3785\/eu-com-von-der-leyen-letter-migration-borders-progress-20-3-23.pdf\" target=\"_blank\" rel=\"noreferrer noopener\">reconeixia<\/a> que aquesta frontera seria la principal receptora dels fons destinats a refor\u00e7ar els l\u00edmits territorials de la UE. D\u2019aquesta manera, el novembre d'aquest mateix any, la Comissi\u00f3 Europea <a href=\"https:\/\/home-affairs.ec.europa.eu\/news\/commission-provides-over-eur-250-million-additional-funding-reinforce-border-security-and-migration-2023-11-20_en?utm_source=chatgpt.com\" target=\"_blank\" rel=\"noreferrer noopener\">destinava<\/a> un total de 250 milions d'euros a <a href=\"https:\/\/enlargement.ec.europa.eu\/document\/download\/6848860f-6184-4806-89e6-4872c8259e5c_en?filename=Action%20Document_Anti-Smuggling%20Programme%20WB.pdf\" target=\"_blank\" rel=\"noreferrer noopener\">projectes<\/a> de refor\u00e7 a les fronteres terrestres externes de la UE, dels quals 141\u202fmilions\u202fes van usar espec\u00edficament en sistemes de vigil\u00e0ncia electr\u00f2nica a Bulg\u00e0ria. El desembre d'aquest any es <a href=\"https:\/\/ec.europa.eu\/commission\/presscorner\/detail\/fi\/statement_24_6401\" target=\"_blank\" rel=\"noreferrer noopener\">confirmava<\/a> l'entrada de Bulg\u00e0ria (i Romania) a l'espai Schengen, la qual cosa havia d'anar de bracet amb \u201cun refor\u00e7 del control fronterer\u201d, per al qual la UE va desplegar m\u00e9s de 100 agents en aquesta frontera, invertint, a m\u00e9s, uns altres <a href=\"https:\/\/www.europarl.europa.eu\/news\/et\/press-room\/20150622IPR69261\/extra-EU69-6-million-for-migration-measures-approved-in-budgets-committee\" target=\"_blank\" rel=\"noreferrer noopener\">69,5 milions<\/a> per a la implantaci\u00f3 de projectes per al seu refor\u00e7.&nbsp;<\/p>\n\n\n\n<p>Un <a href=\"https:\/\/borderviolence.eu\/app\/uploads\/BULGARIA-Surveillance-tech.pdf\" target=\"_blank\" rel=\"noreferrer noopener\">desplegament<\/a> de vigil\u00e0ncia que b\u00e9 podria estar tret de qualsevol producci\u00f3 audiovisual futurista: c\u00e0meres de vigil\u00e0ncia, fibra \u00f2ptica, nous i modernitzats sistemes de programari, m\u00e9s de 200 vehicles tot terreny, dispositius t\u00e8rmics port\u00e0tils, unitats m\u00f2bils de vigil\u00e0ncia, drons t\u00e0ctics de llarga autonomia i sensors de comunicacions per a patrulla a\u00e8ria. <strong>Tot manejat pels 1.200 nous agents contractats per la UE m\u00e9s els vora 600 agents de Frontex<\/strong>.<\/p>\n\n\n\n<figure class=\"wp-block-image size-large\"><img fetchpriority=\"high\" decoding=\"async\" width=\"1024\" height=\"768\" src=\"https:\/\/yemayarevista.com\/wp-content\/uploads\/2025\/07\/foto-2-rt-Moreno-1024x768.jpg\" alt=\"\" class=\"wp-image-8551\" srcset=\"https:\/\/yemayarevista.com\/wp-content\/uploads\/2025\/07\/foto-2-rt-Moreno-1024x768.jpg 1024w, https:\/\/yemayarevista.com\/wp-content\/uploads\/2025\/07\/foto-2-rt-Moreno-300x225.jpg 300w, https:\/\/yemayarevista.com\/wp-content\/uploads\/2025\/07\/foto-2-rt-Moreno-768x576.jpg 768w, https:\/\/yemayarevista.com\/wp-content\/uploads\/2025\/07\/foto-2-rt-Moreno-1536x1152.jpg 1536w, https:\/\/yemayarevista.com\/wp-content\/uploads\/2025\/07\/foto-2-rt-Moreno-16x12.jpg 16w, https:\/\/yemayarevista.com\/wp-content\/uploads\/2025\/07\/foto-2-rt-Moreno-600x450.jpg 600w, https:\/\/yemayarevista.com\/wp-content\/uploads\/2025\/07\/foto-2-rt-Moreno.jpg 1920w\" sizes=\"(max-width: 1024px) 100vw, 1024px\" \/><figcaption class=\"wp-element-caption\"><em>Busmantsi, camp de detenci\u00f3 de persones migrants<\/em>.&nbsp;| Sara Robles<\/figcaption><\/figure>\n\n\n\n<p>Amb aquests desplegaments no \u00e9s estrany que tamb\u00e9 sigui aquesta la frontera m\u00e9s violenta del continent. <a href=\"https:\/\/www.bghelsinki.org\/web\/files\/reports\/186\/files\/2023%20Annual%20Border%20Monitoring%20Report_%D0%95NG.pdf\" target=\"_blank\" rel=\"noreferrer noopener\">Segons el Comit\u00e8 de H\u00e8lsinki<\/a>, nom\u00e9s el 2023 es van registrar un total de 9.897 devolucions en calent \u2014tamb\u00e9 conegudes com <em>push-backs<\/em>\u2014 que van afectar 174.588 persones, conseq\u00fc\u00e8ncia directa d'aquests acords. Per\u00f2 aquestes no s\u00f3n les \u00faniques pr\u00e0ctiques <a href=\"https:\/\/bloodyborders.org\/wp-content\/uploads\/2025\/04\/NNK-Bulgaria-UPR-Submission-2025.pdf\" target=\"_blank\" rel=\"noreferrer noopener\">visibles<\/a>: viol\u00e8ncia policial, robatori de pertinences, atacs amb gossos, amb equips electrificats, arrestos, i fins i tot una nova forma de viol\u00e8ncia; els <em>pull-backs <\/em>\u2014pr\u00e0ctica que impedeix que les persones abandonin el territori b\u00falgar\u2014 han estat registrats en aquesta frontera. Per il\u00b7lustrar el tipus d'exercicis que deriven dels acords i les seves conseq\u00fc\u00e8ncies: el desembre passat, <a href=\"https:\/\/www.theguardian.com\/global-development\/2025\/jan\/27\/bulgaria-border-police-block-rescue-egyptian-migrant-boys-freeze-death-human-rights-activists\" target=\"_blank\" rel=\"noreferrer noopener\">la policia fronterera va bloquejar el rescat<\/a> d'uns adolescents egipcis que intentaven creuar tal davantera, el que va provocar que tots morissin d'hipot\u00e8rmia.&nbsp;<\/p>\n\n\n\n<p><strong>No obstant aix\u00f2, i malgrat els grans esfor\u00e7os de la UE i de Bulg\u00e0ria per evitar que les persones -siguin adults, menors o fins i tot embarassades- creuin, al voltant de 1.700 ho van aconseguir<\/strong>, segons <a href=\"https:\/\/new.bnr.bg\/es\/post\/101936018\/detenidos-mas-de-180-000-intentos-de-entrar-ilegalmente-en-el-pais-en-2023?utm_source=chatgpt.com\" target=\"_blank\" rel=\"noreferrer noopener\">informacions<\/a> de les autoritats b\u00falgares.<\/p>\n\n\n\n<p>En ser Bulg\u00e0ria part de la UE i del territori Schengen, i segons estipula la Convenci\u00f3 de Ginebra i els Acords de Dubl\u00edn, tota persona que arribi al seu territori ha de tenir el dret a demanar l\u2019asil i aquesta sol\u00b7licitud ha de tramitar-se. No obstant aix\u00f2, quan les persones s\u00f3n localitzades per les forces frontereres en territori b\u00falgar, o s\u00f3n retornats a Turquia, la qual cosa viola el principi de no devoluci\u00f3 garantit per la Convenci\u00f3 de Ginebra de 1951 i el seu Protocol de 1967, o portats a un centre de detenci\u00f3.<\/p>\n\n\n\n<pre class=\"wp-block-verse has-text-align-left destacado has-text-color\" style=\"color:#516fb5;font-size:25px;font-style:normal;font-weight:700\">Bulgaria es la frontera en la que la Uni\u00f3n Europea invierte m\u00e1s dinero y efectivos para aplicar sus (necro)pol\u00edticas migratorias <\/pre>\n\n\n\n<p><a href=\"https:\/\/medical-volunteers.org\/\" target=\"_blank\" rel=\"noreferrer noopener\">Medical Volunteers International<\/a> (MVI) s\u00f3n presents a Bulg\u00e0ria, i el seu equip a la zona afirma que \u201cmenys del 5% de la gent que aconsegueix creuar s\u00f3n portats, de primeres, a un centre obert; la majoria s\u00f3n portats als centres de detenci\u00f3\u201d.<\/p>\n\n\n\n<p>En Bulgaria hay seis centros de recepci\u00f3n y dos de detenci\u00f3n: Busmantsi y Lyubimets. Ninguno de los dos cumple las condiciones m\u00ednimas para la acogida, y mucho menos la detenci\u00f3n. Las denuncias de quienes all\u00ed est\u00e1n encerrados y de las organizaciones presentes en el pa\u00eds se acumulan.&nbsp; Activistas se <a href=\"https:\/\/www.bta.bg\/en\/news\/bulgaria\/782635-ngo-calls-for-better-living-conditions-in-busmantsi-migrant-camp-release-of-sau\" target=\"_blank\" rel=\"noreferrer noopener\">han manifestat<\/a> demanant la millora de les condicions d\u2019aquest centre, per\u00f2 no ha canviat res i els pocs canvis que hi han hagut, han estat a pitjor.&nbsp;<\/p>\n\n\n\n<p><strong>M\u00e9s que centres s\u00f3n presons sense cap mena de garantia. Una distopia que, lluny de ser ficci\u00f3, es troba en s\u00f2l europeu i \u00e9s finan\u00e7ada pels seus Estats<\/strong> \u2014o aix\u00ed s'indica a la mateixa entrada del centre\u2014. Busmantsi \u00e9s un lloc on m\u00e9s de 30 persones, sense distinci\u00f3 de g\u00e8nere, s\u00f3n amuntegades en la mateixa habitaci\u00f3, on les xinxes i altres insectes campen lliurement, on el menjar \u00e9s esc\u00e0s. Un lloc fred a l'hivern, sense mantes o calefacci\u00f3, i calor\u00f3s a l'estiu, tampoc hi ha aire condicionat. On l'acc\u00e9s als banys \u00e9s limitat tot i que no tinguin acc\u00e9s a l\u2019aigua calenta, els v\u00e0ters estiguin trencats i la major part de l'aixeteria sigui inutilitzable. Les parets i els sostres estan plens de forats on l'aigua regalima i els insectes s'acumulen.&nbsp;<\/p>\n\n\n\n<p>\u201cNo hi ha panys a les portes, per la qual cosa els detinguts recorren a lligar llen\u00e7ols per a tancar-les des de dins [\u2026] Les aixetes d'aigua estan trencats, la qual cosa dificulta el control de la temperatura de l'aigua, i les dutxes tamb\u00e9 estan trencades: els detinguts es cobreixen amb un llen\u00e7ol fi mentre es banyen\u201d explica Al-Khalidi, \u201cno es realitzen ex\u00e0mens m\u00e8dics espec\u00edfics als nous detinguts per a detectar malalties infeccioses com l'hepatitis, aix\u00f2 suposa un risc important\u201d.<\/p>\n\n\n\n<p><strong>A Busmantsi hi ha homes i dones, sense distinci\u00f3. Hi ha malalts i embarassades els qui amb prou feines reben atenci\u00f3 m\u00e8dica. S'han registrat pallisses, robatori de pertinences i llargs per\u00edodes d'a\u00efllament exercits pels guardes de seguretat del centre<\/strong>. \u201cEns miraven com si f\u00f3ssim insectes, no com a \u00e9ssers humans amb dignitat i drets... No podia creure la brutalitat del tracte\u201d, \u00e9s una altra de les cites que es llegeix a l' <a href=\"https:\/\/bloodyborders.org\/wp-content\/uploads\/2025\/04\/The-Bulgarian-Trap.pdf\" target=\"_blank\" rel=\"noreferrer noopener\">informe de No Name Kitchen<\/a> sobre aquest tema. El Comit\u00e8 de H\u00e8lsinki <a href=\"https:\/\/asylumineurope.org\/reports\/country\/bulgaria\/detention-asylum-seekers\/detention-conditions\/place-detention\/\" target=\"_blank\" rel=\"noreferrer noopener\">denunciava<\/a> el 2021 un augment de la tortura policial.<\/p>\n\n\n\n<p>Tambi\u00e9n lo cuenta el disidente saud\u00ed, \u201cyo mismo fui v\u00edctima de esta violencia, cuando cuatro polic\u00edas me golpearon brutalmente durante m\u00e1s de una hora.&nbsp; Present\u00e9 una denuncia ante la fiscal\u00eda y se inici\u00f3 una investigaci\u00f3n, pero la polic\u00eda aleg\u00f3: \u201c\u00a1Intentaba autolesionarse y nosotros control\u00e1bamos su conducta autolesiva!\u201d [\u2026] Desgraciadamente, esto es habitual: a menudo se acusa a los detenidos o presos de autolesionarse para eludir responsabilidades, como alegar que \u201cse cayeron por el borde de las escaleras\u201d, \u201cse golpearon la cabeza con una puerta\u201d o \u201crodaron y se fracturaron\u201d. Las autoridades siempre creen a la polic\u00eda, y existe un c\u00f3digo t\u00e1cito entre ellos para protegerse mutuamente. Los polic\u00edas nos han dicho en repetidas ocasiones: \u201cSi alguien me lo pide, me pongo a su lado, no en su contra\u201d, cuenta Abdulrahman desde Busmantsi.<\/p>\n\n\n\n<h2 class=\"wp-block-heading\">Dins de Busmantsi<\/h2>\n\n\n\n<p>En un correu enviat per l\u2019Abdurrahman s\u2019expliquen algunes de les situacions que ell mateix ha presenciat en aquest centre, entre elles hi ha la de l\u2019Ahmed \u2014nom canviat per a garantir la seguretat de la font\u2014, un jove afgan\u00e8s: \u201cl\u2019Ahmed va ser deportat d'Alemanya a Bulg\u00e0ria, on va arribar en bon estat de salut mental i f\u00edsica. <strong>Durant la seva deportaci\u00f3, a causa de la resist\u00e8ncia que va oposar, li van injectar una subst\u00e0ncia a l'aeroport, la qual cosa va desencadenar greus complicacions psicol\u00f2giques, inclosos episodis similars a l'esquizofr\u00e8nia que, segons afirma, mai havia experimentat abans<\/strong>. Aquests episodis li provoquen un comportament err\u00e0tic, per\u00f2 fora d'aix\u00f2, \u00e9s un individu tranquil i intel\u00b7ligent que parla amb educaci\u00f3. L\u2019Ahmed est\u00e0 confinat en una habitaci\u00f3 a\u00efllada, tancat les 24 hores del dia, i no t\u00e9 acc\u00e9s al bany, la qual cosa l'obliga a fer les seves necessitats a la cel\u00b7la. Fa uns dies, li van permetre sortir per menjar, per\u00f2 en tornar va ser colpejat al bany d'aquesta planta. Els testimonis ho van descriure com a \u2018cops contundents\u2019, sense m\u00e9s justificaci\u00f3 que el desig de la policia d'acoquinar-lo i el seu aparent odi cap a ell. A continuaci\u00f3 va ser retornat a l\u2019a\u00efllament. Aquest mat\u00ed, la policia ha tornat a colpejar-li, ha abocat aigua a terra i la roba de llit de la seva habitaci\u00f3 per impedir-li dormir i li ha injectat un sedant. Quan he parlat amb ell per tel\u00e8fon, m\u2019ha dit: Ara mateix no s\u00e9 ni com em dic. No s\u00e9 el meu n\u00famero de placa, me l\u2019han tret del canell. M\u2019han donat alguna cosa per adormir-me\u201d.<\/p>\n\n\n\n<pre class=\"wp-block-verse has-text-align-left destacado has-text-color\" style=\"color:#516fb5;font-size:25px;font-style:normal;font-weight:700\">\"Las autoridades siempre creen a la polic\u00eda, y existe un c\u00f3digo t\u00e1cito entre ellos para protegerse mutuamente\" <\/pre>\n\n\n\n<p>\u00c9s dif\u00edcil contactar amb els qui estan tancats a Busmantsi o Lyubimets. Nom\u00e9s es permet a uns pocs visitar als qui s\u2019hi troben, en visites de tot just 30 minuts. \u201cLa comunicaci\u00f3 telef\u00f2nica \u00e9s possible presentant una sol\u00b7licitud formal per a utilitzar un tel\u00e8fon personal durant 30 minuts en horari laboral. Com a alternativa, els detinguts poden utilitzar tel\u00e8fons sense c\u00e0mera ni GPS, amb totes les despeses al seu c\u00e0rrec\u201d, explica Al-Khalidi. Aix\u00ed \u00e9s com aconsegueix comunicar-se amb l'exterior. I tamb\u00e9 a trav\u00e9s de les limitades visites que se li permeten.&nbsp;<\/p>\n\n\n\n<p>Per\u00f2 encara aix\u00ed, o fins i tot podent contactar via connexi\u00f3 telef\u00f2nica, la majoria no s'atreveixen a parlar. \u201cL\u2019<strong>Ahmed t\u00e9 massa por per a presentar una den\u00fancia<\/strong>, em diu que tem el que puguin fer si comparteix qualsevol informaci\u00f3. No t\u00e9 documents, acudeix als tribunals sense representaci\u00f3 legal adequada i, com altres persones que pateixen abusos, desconfia de qualsevol procediment intern a Bulg\u00e0ria, com els processos de den\u00fancia\u201d, recita el missatge del periodista. Aquest \u00e9s dels pocs que s'atreveix a explicar el que passa, que denuncia obertament qu\u00e8 passa dins d'aquests centres i del sistema b\u00falgar.&nbsp;<\/p>\n\n\n\n<p>Tamb\u00e9 \u00e9s l\u2019Abdurrahman un dels qui m\u00e9s temps porten en aquest centre i afirma que \u201c<strong>al llarg dels anys en aquest centre de detenci\u00f3, he estat testimoni d'agressions f\u00edsiques, assetjament sexual, intents de su\u00efcidi, apunyalaments, neglig\u00e8ncia m\u00e8dica i psicol\u00f2gica, informes m\u00e8dics falsificats i insults de la policia<\/strong>. He suportat personalment agressions f\u00edsiques per part d'agents. Per\u00f2 el que est\u00e0 passant ara \u00e9s una absoluta bogeria.\u201d Porta all\u00ed des de l'octubre del 2021; 3 anys i 8 mesos.<\/p>\n\n\n\n<h2 class=\"wp-block-heading\">Acabant amb la salut mental&nbsp;<\/h2>\n\n\n\n<p>\u201cEl que m\u00e9s preocupat em t\u00e9 ara \u00e9s la salut mental de les persones al camp\u201d, es llegeix en un dels primers missatges que intercanviem. Durant les \u00faltimes setmanes s'han manifestat casos on la deterioraci\u00f3 de la salut mental \u00e9s conseq\u00fc\u00e8ncia directa de les actuacions policials tant a les fronteres com en els centres.&nbsp;<\/p>\n\n\n\n<p>\u201cDespr\u00e9s de tant de temps als centres, la gent veu empitjorada la seva salut mental, que ja es veia afectada per les fortes situacions que han hagut d'enfrontar en el seu viatge fins a Europa\u201d, expliquen des de MVI, des de Harmanli, a la frontera turc-b\u00falgara, els qui han pogut tractar a moltes persones que es troben al camp d'aquesta ciutat. \u201cNosaltres no tenim acc\u00e9s a Busmantsi, per\u00f2 als centres de detenci\u00f3 la situaci\u00f3 \u00e9s encara pitjor. Als llargs per\u00edodes d'espera i el trauma de la ruta, se li suma la frustraci\u00f3 o la por en veure que la seva sol\u00b7licitud d'asil ha estat rebutjada\u201d, explica.<\/p>\n\n\n\n<p>La Fatimah viu a Fran\u00e7a i \u00e9s germana de l'Omar \u2014els noms han estat canviats a petici\u00f3 de la fam\u00edlia\u2014, un jove siri\u00e0 que posseeix perm\u00eds de resid\u00e8ncia a Alemanya. L\u2019 <strong>Omar va ser detingut a Bulg\u00e0ria mentre intentava visitar S\u00edria, i portat a Busmantsi<\/strong>. Des de llavors, la seva germana ha denunciat \u201cles accions agressives del personal de seguretat del centre de detenci\u00f3 de Busmantsi i de l'aeroport de Sofia, que es van aprofitar de les vulnerabilitats de salut mental de l'Omar\u201d. Despr\u00e9s del mal tracte a l'aeroport, el jove siri\u00e0 va ser portat a Busmanti sense capacitat de reclam. Una vegada en aquest centre, la germana den\u00fancia que \u201c<strong>l\u2019Omar i altres detinguts han patit greus abusos, entre ells repetides agressions f\u00edsiques<\/strong>: En particular, el 7 d'abril de 2025, al menjador, dos gu\u00e0rdies de seguretat van agredir l\u2019Omar, causant-li greus lesions a la cama i les costelles, que li van impedir moure la cama. A m\u00e9s, despr\u00e9s d'un intent fallit de deportaci\u00f3, en el qual l\u2019Omar va patir un atac de p\u00e0nic a l'aeroport i no va poder embarcar al seu vol, va ser retornat al centre de detenci\u00f3 i greument colpejat, i no va poder sortir de la seva cel\u00b7la ni moure's durant almenys dos dies. L\u2019Omar va ser colpejat despr\u00e9s de sortir del menjador, i es van aprofitar de la seva vulnerabilitat mental per a maltractar-lo encara m\u00e9s. No nom\u00e9s aix\u00f2, sin\u00f3 que el meu germ\u00e0 va ser recl\u00f2s en r\u00e8gim d'a\u00efllament, el que va agreujar la deterioraci\u00f3 de la seva salut mental\u201d.&nbsp;<\/p>\n\n\n\n<p>Tamb\u00e9 l\u2019Abdurrahman, despr\u00e9s de la corresponent consulta psiqui\u00e0trica presenta \u201cs\u00edmptomes m\u00faltiples, aix\u00ed com una hist\u00f2ria cl\u00ednica de traumatisme psicol\u00f2gic sistem\u00e0tic i la resid\u00e8ncia continuada en un entorn traum\u00e0tic, s\u00f3n la base per al diagn\u00f2stic del Trastorn per Estr\u00e8s Posttraum\u00e0tic Complex (TEPTC).\u201d&nbsp;<\/p>\n\n\n\n<pre class=\"wp-block-verse has-text-align-left destacado has-text-color\" style=\"color:#516fb5;font-size:25px;font-style:normal;font-weight:700\">\"Tras tanto tiempo en los centros, la gente ve empeorada su salud mental, que ya se ve\u00eda afectada por las fuertes situaciones que han tenido que enfrentar en su viaje hasta Europa\" <\/pre>\n\n\n\n<p>Com b\u00e9 s'especifica en el diagn\u00f2stic de l'activista saudita al qual hem pogut accedir, \u201c<em>la detenci\u00f3 continuada en un entorn amb caracter\u00edstiques traumatitzants, sense una perspectiva clara de posar fi a la detenci\u00f3 i sense la provisi\u00f3 d'un tractament i seguiment adequats, condueix a un pron\u00f2stic negatiu per al desenvolupament del trastorn mental diagnosticat, amb una expectativa raonable de la seva complicaci\u00f3 amb s\u00edmptomes addicionals i la intensificaci\u00f3 dels ja existents, aix\u00ed com a la cronificaci\u00f3 dels s\u00edmptomes i a una disfunci\u00f3 psicosocial duradora, amb la conseg\u00fcent deterioraci\u00f3 del funcionament personal i dificultats duradores d'adaptaci\u00f3 social en el futur<\/em>.\u201d<\/p>\n\n\n\n<h2 class=\"wp-block-heading\">Sense sortida&nbsp;<\/h2>\n\n\n\n<p><strong>Bulg\u00e0ria s'ha convertit en una pres\u00f3 per a qui hi entra<\/strong>. Por un lado, quien consigue cruzar la frontera afrontando al violencia que esta supone ser\u00e1 enviado, probablemente, a un campo de detenci\u00f3n, donde permanecer\u00e1 sin fecha de salida; ni siquiera las decisiones de los tribunales b\u00falgaros consiguen liberar a quienes all\u00ed est\u00e1n.&nbsp; Una&nbsp; sentencia del Tribunal Administrativo de Sof\u00eda del 26 de marzo <a href=\"https:\/\/balkaninsight.com\/2025\/04\/01\/bulgaria-still-detaining-saudi-activist-despite-court-release-order\/\" target=\"_blank\" rel=\"noopener\">ordenaba<\/a> la posada en llibertat de l\u2019Abdurrahman Al-Khalidi, per\u00f2 el dissident segueix a Busmantsi.&nbsp;<\/p>\n\n\n\n<p>Al seu torn, tamb\u00e9 resulta cada vegada m\u00e9s dif\u00edcil sortir del pa\u00eds. I \u00e9s que des de l'entrada d'aquest a l'espai Schengen, les seves autoritats tenen l'ordre europea d'evitar que les persones puguin aconseguir qualsevol altra frontera de la UE. D'aqu\u00ed les den\u00fancies, cada vegada m\u00e9s usuals, de <em>pull-backs<\/em>. A aix\u00f2 se li suma les cada vegada m\u00e9s freq\u00fcents informacions de persones deportades a Bulg\u00e0ria des d'altres pa\u00efsos membres \u2014sobretot Alemanya\u2014, com \u00e9s el cas de l'Omar.<\/p>\n\n\n\n<p>Des de dins de Busmantsi informen \u201c la majoria dels sirians retornats [des d'Alemanya] se'ls dona a triar entre 18 mesos d'internament o l'expulsi\u00f3 [de Bulg\u00e0ria]. Solen triar l\u2019expulsi\u00f3\u201d.<\/p>\n\n\n\n<p><strong>Ja no \u00e9s nom\u00e9s que Bulg\u00e0ria aculli presons on les persones esperen eternament la seva garantia d'asil o la seva deportaci\u00f3, sin\u00f3 que el pa\u00eds en si mateix s'ha convertit en una pres\u00f3<\/strong>. Com lamenta l\u2019Abdurrahman Al-Khalidi \u201csom presoners\u201d.<br><\/p>","protected":false},"excerpt":{"rendered":"<p>Oumu, vecina de Yaraax, ha intentado cruzar Europa en cayuco y desde su propio barrio y quiere volver a intentarlo. En la imagen, se hace una selfie junto a su hermana, sentadas en un cayuco pesquero de Yaraax. SARA AMINIYAN LLOPIS<\/p>","protected":false},"author":18,"featured_media":8549,"comment_status":"closed","ping_status":"closed","sticky":false,"template":"","format":"standard","meta":{"footnotes":""},"categories":[78],"tags":[],"destacado":[],"ppma_author":[110],"class_list":["post-8539","post","type-post","status-publish","format-standard","has-post-thumbnail","hentry","category-balcanes"],"acf":[],"authors":[{"term_id":110,"user_id":18,"is_guest":0,"slug":"marta-moreno-guerrero","display_name":"Marta Moreno Guerrero","avatar_url":"https:\/\/secure.gravatar.com\/avatar\/?s=96&d=mm&r=g","first_name":"","last_name":"","user_url":"","description":""}],"_links":{"self":[{"href":"https:\/\/yemayarevista.com\/ca\/wp-json\/wp\/v2\/posts\/8539","targetHints":{"allow":["GET"]}}],"collection":[{"href":"https:\/\/yemayarevista.com\/ca\/wp-json\/wp\/v2\/posts"}],"about":[{"href":"https:\/\/yemayarevista.com\/ca\/wp-json\/wp\/v2\/types\/post"}],"author":[{"embeddable":true,"href":"https:\/\/yemayarevista.com\/ca\/wp-json\/wp\/v2\/users\/18"}],"replies":[{"embeddable":true,"href":"https:\/\/yemayarevista.com\/ca\/wp-json\/wp\/v2\/comments?post=8539"}],"version-history":[{"count":0,"href":"https:\/\/yemayarevista.com\/ca\/wp-json\/wp\/v2\/posts\/8539\/revisions"}],"wp:featuredmedia":[{"embeddable":true,"href":"https:\/\/yemayarevista.com\/ca\/wp-json\/wp\/v2\/media\/8549"}],"wp:attachment":[{"href":"https:\/\/yemayarevista.com\/ca\/wp-json\/wp\/v2\/media?parent=8539"}],"wp:term":[{"taxonomy":"category","embeddable":true,"href":"https:\/\/yemayarevista.com\/ca\/wp-json\/wp\/v2\/categories?post=8539"},{"taxonomy":"post_tag","embeddable":true,"href":"https:\/\/yemayarevista.com\/ca\/wp-json\/wp\/v2\/tags?post=8539"},{"taxonomy":"destacado","embeddable":true,"href":"https:\/\/yemayarevista.com\/ca\/wp-json\/wp\/v2\/destacado?post=8539"},{"taxonomy":"author","embeddable":true,"href":"https:\/\/yemayarevista.com\/ca\/wp-json\/wp\/v2\/ppma_author?post=8539"}],"curies":[{"name":"wp","href":"https:\/\/api.w.org\/{rel}","templated":true}]}}