{"id":8218,"date":"2025-04-18T06:00:00","date_gmt":"2025-04-18T06:00:00","guid":{"rendered":"https:\/\/yemayarevista.com\/?p=8218"},"modified":"2025-06-03T08:37:39","modified_gmt":"2025-06-03T08:37:39","slug":"la-instrumentalizacion-de-la-infancia-en-la-republica-democratica-del-congo","status":"publish","type":"post","link":"https:\/\/yemayarevista.com\/ca\/la-instrumentalizacion-de-la-infancia-en-la-republica-democratica-del-congo\/","title":{"rendered":"La instrumentalitzaci\u00f3 de la inf\u00e0ncia a la Rep\u00fablica Democr\u00e0tica del Congo"},"content":{"rendered":"<h2 class=\"wp-block-heading has-black-color has-text-color\">La recent escalada del conflicte a l'est de la Rep\u00fablica Democr\u00e0tica del Congo deixa m\u00e9s de 8.000 violacions greus contra els drets de la inf\u00e0ncia per part de totes les forces involucrades, segons dades de l'informe del Secretari General de l'ONU. Entre aquestes violacions greus, hi ha abusos sexuals, el reclutament o segrest i assassinat de nens i nenes congoleses<\/h2>\n\n\n\n<p style=\"font-size:14px\"><\/p>\n\n\n\n<p>El conflicte actual a la Rep\u00fablica Democr\u00e0tica del Congo no s'entendria sense l'ofensiva del grup armat M23 (Moviment 23 de Mar\u00e7 o <em>Mouvement du 23-Mars<\/em>) comen\u00e7ada el 2021 que, avui dia, ha conquistat ciutats tan importants com Goma o Bukavu, a la regi\u00f3 est de la Rep\u00fablica Democr\u00e0tica del Congo (actuals prov\u00edncies de Kivu Nord i Sud). La import\u00e0ncia d'aquesta regi\u00f3 no sols ve de la seva alta densitat demogr\u00e0fica, sin\u00f3 tamb\u00e9 per ser centre de l'extracci\u00f3 de minerals com el coltan, elementals per a la fabricaci\u00f3 de tecnologia i aparells electr\u00f2nics.<\/p>\n\n\n\n<p>Aquest grup armat ha suposat una sacsada a l'aut\u00e8ntic vesper que \u00e9s considerat la regi\u00f3 est de la RDC, on habiten m\u00e9s de 120 grups armats amb els seus propis objectius, interessos i ideologies, que s'alcen contra l\u2019M23 per\u00f2 tamb\u00e9 contra les Forces Armades de la Rep\u00fablica Democr\u00e0tica del Congo (les FARDC, l'ex\u00e8rcit estatal) que els combaten. El centre d'aquest conflicte ha deixat una destrucci\u00f3 que, si b\u00e9 deixa a la poblaci\u00f3 civil completament desprotegida, afecta especialment a la inf\u00e0ncia de la RDC.<\/p>\n\n\n\n<p>Cal recordar que, si b\u00e9 el conflicte ha sofert una nova escalada en els \u00faltims anys, aquest no deixa de ser el mateix que porta en actiu des de la Segona Guerra del Congo (acabada, en teoria, l'any 2003). Els actors del conflicte poden ser diferents, per\u00f2 el fons \u00e9s el mateix: l'ocupaci\u00f3 d'un territori incre\u00efblement ric en minerals clau per a la ind\u00fastria mundial, que explota les contradiccions de les din\u00e0miques colonials a les quals s'ha vist subjecta la poblaci\u00f3 congolesa.<\/p>\n\n\n\n<h2 class=\"wp-block-heading\" style=\"font-size:21px\"><strong>Una inf\u00e0ncia estripada per la viol\u00e8ncia<strong style=\"color: revert;\"> <\/strong><\/strong><\/h2>\n\n\n\n<pre class=\"wp-block-verse has-text-align-left destacado has-text-color\" style=\"color:#516fb5;font-size:25px;font-style:normal;font-weight:700\">\u201cEls nens i nenes de l'est de la Rep\u00fablica Democr\u00e0tica del Congo estan cada vegada m\u00e9s exposats a viol\u00e8ncia sexual, segrestos i reclutament a grups armats\u201d - declaraci\u00f3 de Catherine Russell, Directora Executiva d'UNICEF  <\/pre>\n\n\n\n<p>Tal com expressa la Directora Executiva d' <a href=\"https:\/\/www.unicef.org\/drcongo\/en\" target=\"_blank\" rel=\"noreferrer noopener\">UNICEF<\/a> Catherine Russell, els nens i nenes de la RDC estan veient com la seva inf\u00e0ncia \u00e9s completament instrumentalitzada. En aquest sentit, els <a href=\"https:\/\/childrenandarmedconflict.un.org\/document-type\/reports\/\" target=\"_blank\" rel=\"noreferrer noopener\">informes del Secretari General de l'ONU<\/a> en relaci\u00f3 a la inf\u00e0ncia en els conflictes armats, revelen com la instrumentalitzaci\u00f3 d'aquests menors passa per tots els \u00e0mbits relatius al conflicte.\u00a0<\/p>\n\n\n\n<p>El reclutament directe de menors \u00e9s l'estrat\u00e8gia m\u00e9s utilitzada per les parts del conflicte. Entre 2012 i 2024, es van reclutar m\u00e9s de 8.500 nens i nenes arreu del pa\u00eds. Els reclutaments es fan especialment intensos en els moments de major fragilitat pol\u00edtica com en l'ofensiva actual de l\u2019M23 o quan, a finals del 2016, qui aquells dies era president, Kabila, va intentar postergar el seu mandat retardant les eleccions generals fins a 2018.\u00a0<\/p>\n\n\n\n<p>A aquestes xifres hem d'afegir els alts nombres de segrestos que es duen a terme per tota la RDC, de caracter\u00edstiques similars a les del reclutament, per\u00f2 sent el seu n\u00famero menor. No obstant aix\u00f2, tal com reflecteixen els informes citats, l'augment d'aquesta pr\u00e0ctica es dona cada vegada amb major freq\u00fc\u00e8ncia. De fet, aquesta horrible activitat no sols involucra a nens i nenes congoleses, sin\u00f3 tamb\u00e9 a uns altres de pa\u00efsos ve\u00efns com Ruanda, Uganda, Sudan o la Rep\u00fablica Centreafricana. Les dades m\u00e9s greus, com les del 2013 (any de la primera desintegraci\u00f3 de l\u2019M23), mostren que al voltant de 268 menors van ser portats a la RDC des d'un origen desconegut. Aquestes xifres plantegen q\u00fcestions importants sobre la possible exist\u00e8ncia de xarxes de tr\u00e0fic, segrestos i diferents m\u00e0fies que poden estar operant i alimentant-se dels conflictes de l'\u00c0frica Central.<br><br><\/p>\n\n\n\n<h2 class=\"wp-block-heading\" style=\"font-size:21px\"><strong>La inf\u00e0ncia en el conflicte: explotaci\u00f3 militar, econ\u00f2mica i sexual<\/strong><\/h2>\n\n\n\n<p>En tots aquests casos, la funci\u00f3 principal dels nens sol ser la de participar activament en el conflicte com a soldats, ja sigui d'un b\u00e0ndol o un altre. No obstant aix\u00f2, no \u00e9s l'\u00fanica labor que ocupen, ja que tamb\u00e9 es troben en posicions de suport i cures dins dels grups armats. Treballs com a espies, carters, missatgers i cuiners s\u00f3n els m\u00e9s comuns que se\u2019ls associen. Tamb\u00e9 s'ocupen de l'extracci\u00f3 dels minerals que alimenten el conflicte. All\u00ed, els nens s\u00f3n utilitzats com a miners per extreure minerals com el coltan, l\u2019or o el cobalt, que despr\u00e9s s\u00f3n venuts als mercats globals a trav\u00e9s del contraban. La seva baixa al\u00e7ada resulta molt \u00fatil per als grups armats, ja que poden treballar millor en les mines sense enfrontar molts dels riscos que tindria un adult.<\/p>\n\n\n\n<p>La distinci\u00f3 de g\u00e8nere es fa molt m\u00e9s palpable quan parlem dels rols dins del conflicte, ja que les nenes tamb\u00e9 s\u00f3n molt utilitzades. Generalment, s\u00f3n obligades a casar-se amb els comandants de les diferents mil\u00edcies, per\u00f2 tamb\u00e9 s\u00f3n utilitzades com a esclaves sexuals. Aquesta situaci\u00f3 provoca un ab\u00fas sexual massiu contra elles, destruint la seva inf\u00e0ncia, causant-los ferides en els seus genitals o contagiant-les de malalties de transmissi\u00f3 sexual com el VIH. Tal com explica la periodista i activista <a href=\"https:\/\/yemayarevista.com\/ca\/ser-activista-forma-parte-naturaleza-ser-mujer-republica-democratica-congo\/\" target=\"_blank\" rel=\"noreferrer noopener\">Sylvie Luzala en un article per Yemay\u00e1 Revista<\/a>, les dones i els seus cossos estan profundament instrumentalitzats com a armes de guerra. Els grups armats les utilitzen per a afeblir les comunitats per mitj\u00e0 de violacions i segrestos a gran escala, deixant fam\u00edlies sense mares, filles o germanes. La seva falta provoca l'horror, fent aquestes comunitats menys susceptibles a enfrontar-se als grups armats per por de tals repres\u00e0lies.<br><\/p>\n\n\n\n<pre class=\"wp-block-verse has-text-align-left destacado has-text-color\" style=\"color:#516fb5;font-size:25px;font-style:normal;font-weight:700\">\u201cSi les dones tornen directament als pobles despr\u00e9s d'haver patit una agressi\u00f3 sexual, saben que la poblaci\u00f3 estar\u00e0 molt afeblida per l'estigma. I si les segresten, les convertiran en les seves esclaves\u201d<\/pre>\n\n\n\n<h2 class=\"wp-block-heading\" style=\"font-size:21px\"><strong>Instrumentalitzaci\u00f3 per totes les parts del conflicte<\/strong><\/h2>\n\n\n\n<p>Pel que fa als grups que disposen dels nens dins de les seves files, destaquen principalment mil\u00edcies armades o els grups guerrillers, entre els quals destaquen els grups Mai-*Mai (antics grups nacionalistes de defensa comunit\u00e0ria nascuts en les guerres congoleses dels anys 90), les Forces Democr\u00e0tiques d'Alliberament de Ruanda (hutus a terra congol\u00e8s acusats de ser els responsables del genocidi de Ruanda de 1994 i que solen tenir aliances amb les FARDC per a contra l\u2019M23), i el propi M23. No obstant aix\u00f2, lluny del que pugui semblar, les forces de Kinshasa no estan lliures d'haver fet \u00fas de nens per a enfrontar-se a aquests grups armats. No va ser fins el 2017 que l'ONU va retirar a les FARDC de la llista de forces estatals que fan \u00fas de nens soldat per mitj\u00e0 d'un Pla d'Acci\u00f3 que pretenia realitzar formacions en drets humans per a l'ex\u00e8rcit, especialment quant als nens. No obstant aix\u00f2, segons els \u00faltims informes d'octubre del 2024, tant les FARDC com la Policia Nacional Congolesa, van ser responsables d'almenys 170 casos de viol\u00e8ncia sexual contra nens i nenes congoleses.<\/p>\n\n\n\n<pre class=\"wp-block-verse has-text-align-left destacado has-text-color\" style=\"color:#516fb5;font-size:25px;font-style:normal;font-weight:700\">\u201cLa viol\u00e8ncia sexual continua sent la violaci\u00f3 m\u00e9s atribu\u00efda a les forces armades i de seguretat governamentals, amb 109 casos registrats, seguit de la mort i mutilaci\u00f3 de menors, amb 60 casos\u201d - <a href=\"https:\/\/reliefweb.int\/report\/democratic-republic-congo\/los-ninos-y-el-conflicto-armado-en-la-republica-democratica-del-congo-informe-del-secretario-general-s2024705\" target=\"_blank\" rel=\"noreferrer noopener\">informe del Secretari General del Consell de Seguretat de l'ONU (octubre 2024)<\/a><\/pre>\n\n\n\n<h2 class=\"wp-block-heading\" style=\"font-size:21px\"><strong>Per qu\u00e8 hi ha tanta predilecci\u00f3 per la inf\u00e0ncia en el conflicte?<\/strong><\/h2>\n\n\n\n<p>En primer lloc, \u00e9s important advertir que el pa\u00eds afric\u00e0 no \u00e9s nom\u00e9s jove en la seva marxa com a pa\u00eds independent, sin\u00f3 tamb\u00e9 en termes demogr\u00e0fics. Amb una poblaci\u00f3 de m\u00e9s de 77 milions de persones, entorn del 43% de la poblaci\u00f3 t\u00e9 menys de 15 anys. Aquest alt\u00edssim percentatge de menors i adolescents reflecteix l'enorme quantitat de poblaci\u00f3 no activa i dependent del pa\u00eds, que pot caure amb facilitat sota el control dels grups armats.<\/p>\n\n\n\n<p>Les maneres de precipitar-se cap a l'abducci\u00f3 d'aquests grups armats estan en la naturalesa mateixa del conflicte. La viol\u00e8ncia que es viu a l'est de la RDC desestructura ciutats, pobles i fam\u00edlies. La p\u00e8rdua dels progenitors i la inseguretat derivada de l'orfandat a la meitat d'un conflicte, permet als grups armats tenir moltes facilitats a l'hora de captar nous reclutes. En aquest sentit, no \u00e9s nom\u00e9s la necessitat de cerca d'uns certs nivells de seguretat f\u00edsica, sin\u00f3 tamb\u00e9 de la capacitat de guanyar un manteniment econ\u00f2mic amb el qual mantenir-se a si mateixos i a altres membres de la fam\u00edlia. Molts dels nens que participen dels grups armats estan completament alienats, ja que han fet de la viol\u00e8ncia l'\u00fanica forma de vida que coneixen.<\/p>\n\n\n\n<p>I \u00e9s que les raons per les quals participar en un grup armat no s\u00f3n merament per obligaci\u00f3 imposada, esdevinguda del segrest o el reclutament for\u00e7\u00f3s. La quantitat de raons creix en n\u00famero i complexitat quan atenem els sup\u00f2sits econ\u00f2mics, socials, \u00e8tnics o pol\u00edtics, deixant un panorama molt dif\u00edcil d'analitzar en molts casos.\u00a0<br><\/p>\n\n\n\n<h2 class=\"wp-block-heading\" style=\"font-size:21px\"><strong>Un conflicte sense fi?<\/strong><\/h2>\n\n\n\n<p>Malgrat la profunditat del conflicte, \u00e9s important recordar les estrat\u00e8gies de resili\u00e8ncia que trobem al pa\u00eds. Les m\u00e9s institucionals venen donades per l'alian\u00e7a entre el govern i l'ONU, amb el ja citat Pla d'Acci\u00f3, els programes de formaci\u00f3 i sensibilitzaci\u00f3 de l\u00edders comunitaris o la Llei de Protecci\u00f3 de nens a la Rep\u00fablica Democr\u00e0tica del Congo el 2012. D'altra banda, la societat civil congolesa fa clara den\u00fancia de la situaci\u00f3 per mitj\u00e0 d'organitzacions com a LUCHA que, a m\u00e9s de ser un altaveu internacional, ajuden a crear xarxes de suport a trav\u00e9s d'uns militants molt ben formats i unes estrat\u00e8gies enfocades cap al local.<\/p>\n\n\n\n<p>Un dels resultats m\u00e9s destacats ve donat per l'alliberament de m\u00e9s de 1.300 nens en 2024, reintegrant-se gr\u00e0cies a la inclusi\u00f3 sostenible en comunitats i les prestacions econ\u00f2miques, socials o psicol\u00f2giques.<\/p>\n\n\n\n<p>L'actualitat a la regi\u00f3 dels Grans Llacs no adverteix not\u00edcies encoratjadores. L'avan\u00e7 de l\u2019M23 seguit dels plans de retirada de forces internacionals (com les forces de la missi\u00f3 de la Comunitat de Desenvolupament d'\u00c0frica Austral o la retirada gradual de la Missi\u00f3 d'Estabilitzaci\u00f3 de l'Organitzaci\u00f3 de les Nacions Unides al Congo, MONUSCO) no deixen un panorama molt encoratjador. No obstant aix\u00f2, l'esperan\u00e7a es troba en qu\u00e8, donat una hipot\u00e8tica fi, els i les congoleses puguin disposar d'una s\u00e8rie d'eines apreses durant els anys per a poder establir la seguretat en el cor d'\u00c0frica.<\/p>","protected":false},"excerpt":{"rendered":"<p>La reciente escalada del conflicto en el este de la Rep\u00fablica Democr\u00e1tica del Congo deja m\u00e1s de 8.000 violaciones graves contra los derechos de la infancia por parte de todas las fuerzas involucradas, seg\u00fan datos del informe del Secretario General de la ONU. Entre estas violaciones graves, se encuentran los abusos sexuales, el reclutamiento o [&hellip;]<\/p>","protected":false},"author":17,"featured_media":8227,"comment_status":"closed","ping_status":"closed","sticky":false,"template":"","format":"standard","meta":{"footnotes":""},"categories":[79],"tags":[],"destacado":[],"ppma_author":[95],"class_list":["post-8218","post","type-post","status-publish","format-standard","has-post-thumbnail","hentry","category-africa-occidental"],"acf":[],"authors":[{"term_id":95,"user_id":17,"is_guest":0,"slug":"antonio-poyato-perez","display_name":"Antonio Poyato P\u00e9rez","avatar_url":"https:\/\/secure.gravatar.com\/avatar\/?s=96&d=mm&r=g","first_name":"","last_name":"","user_url":"","description":""}],"_links":{"self":[{"href":"https:\/\/yemayarevista.com\/ca\/wp-json\/wp\/v2\/posts\/8218","targetHints":{"allow":["GET"]}}],"collection":[{"href":"https:\/\/yemayarevista.com\/ca\/wp-json\/wp\/v2\/posts"}],"about":[{"href":"https:\/\/yemayarevista.com\/ca\/wp-json\/wp\/v2\/types\/post"}],"author":[{"embeddable":true,"href":"https:\/\/yemayarevista.com\/ca\/wp-json\/wp\/v2\/users\/17"}],"replies":[{"embeddable":true,"href":"https:\/\/yemayarevista.com\/ca\/wp-json\/wp\/v2\/comments?post=8218"}],"version-history":[{"count":0,"href":"https:\/\/yemayarevista.com\/ca\/wp-json\/wp\/v2\/posts\/8218\/revisions"}],"wp:featuredmedia":[{"embeddable":true,"href":"https:\/\/yemayarevista.com\/ca\/wp-json\/wp\/v2\/media\/8227"}],"wp:attachment":[{"href":"https:\/\/yemayarevista.com\/ca\/wp-json\/wp\/v2\/media?parent=8218"}],"wp:term":[{"taxonomy":"category","embeddable":true,"href":"https:\/\/yemayarevista.com\/ca\/wp-json\/wp\/v2\/categories?post=8218"},{"taxonomy":"post_tag","embeddable":true,"href":"https:\/\/yemayarevista.com\/ca\/wp-json\/wp\/v2\/tags?post=8218"},{"taxonomy":"destacado","embeddable":true,"href":"https:\/\/yemayarevista.com\/ca\/wp-json\/wp\/v2\/destacado?post=8218"},{"taxonomy":"author","embeddable":true,"href":"https:\/\/yemayarevista.com\/ca\/wp-json\/wp\/v2\/ppma_author?post=8218"}],"curies":[{"name":"wp","href":"https:\/\/api.w.org\/{rel}","templated":true}]}}