{"id":8130,"date":"2025-03-10T06:00:00","date_gmt":"2025-03-10T06:00:00","guid":{"rendered":"https:\/\/yemayarevista.com\/?p=8130"},"modified":"2025-04-18T07:21:56","modified_gmt":"2025-04-18T07:21:56","slug":"la-lucha-por-recuperar-la-tierra-ancestral-la-desaparicion-de-julia-chunil","status":"publish","type":"post","link":"https:\/\/yemayarevista.com\/ca\/la-lucha-por-recuperar-la-tierra-ancestral-la-desaparicion-de-julia-chunil\/","title":{"rendered":"La lluita per recuperar la terra ancestral: la desaparici\u00f3 de Julia Chu\u00f1il"},"content":{"rendered":"<h2 class=\"wp-block-heading has-black-color has-text-color\">El divendres 8 de novembre de 2024 va desapar\u00e8ixer la dirigent maputxe Julia Chu\u00f1il Catricura al costat del seu gos Cholito. A quatre mesos no existeix cap rastre i tampoc s'ha pogut accedir a la carpeta de recerca<\/h2>\n\n\n\n<p style=\"font-size:14px\"><em><sub>Xile<\/sub><\/em><\/p>\n\n\n\n<p>\u201cSempre feia olor de fum, perqu\u00e8 passava el temps torrant el blat. Una oloreta de pa calent, acabat de sortir del forn. Deia que li feia b\u00e9, tenia la seva pell llisa pel fum, amb arrugues, per\u00f2 suau\u201d, aix\u00ed recorda la Lyssette S\u00e1nchez a la seva \u00e0via Julia.<\/p>\n\n\n\n<p>A m\u00e9s de 800 quil\u00f2metres cap al sud de Santiago es troba la comuna de M\u00e1fil, a la regi\u00f3 dels Rius, Xile. <strong>Fa 4 mesos va desapar\u00e8ixer la Julia Chu\u00f1il, dirigent Maputxe, al costat d'un dels seus gossos quan va anar a buscar el seu bestiar, en un recorregut que la Lyssette diu se sabia de mem\u00f2ria<\/strong>. A unes dues hores de la seva casa es van trobar rastres d'una camioneta, les seves trepitjades, el seu bast\u00f3 i un coix\u00ed. Els animals van tornar, ella no. La seva fam\u00edlia i la seva comunitat tenen un sospit\u00f3s per\u00f2 la recerca\u2014 que es trobava sota secret legal fins al 3 de mar\u00e7\u2014 continua sense ser p\u00fablica per a la fam\u00edlia a causa de traves i impediments judicials.<\/p>\n\n\n\n<p>La Julia \u00e9s presidenta de la comunitat ind\u00edgena Putreguel, reconeguda el 2014 per la Corporaci\u00f3 Nacional de Desenvolupament Ind\u00edgena (CONADI). T\u00e9 72 anys, \u00e9s mare de cinc fills, \u00e0via de deu, t\u00e9 els ulls ametllats, una dent d'or i sempre li penja una trena.<\/p>\n\n\n\n<p>Com la desaparici\u00f3 for\u00e7osa de la Julia, encara existeixen altres casos sense resoldre. Macarena Vald\u00e9s, activista socioambiental maputxe va estar enfront de la resist\u00e8ncia contra la instal\u00b7laci\u00f3 de la central hidroel\u00e8ctrica al riu Tranguil, propietat de l'empresa austr\u00edaca RP Global i la xilena SAESA, que va suposar la tala de bosc natiu i la inundaci\u00f3 de dos cementiris ancestrals. La Macarena va ser trobada morta l'agost del 2016 dins de la seva casa, davant del seu fill petit, a la regi\u00f3 dels Rius. A nom\u00e9s 21 dies despr\u00e9s d'una manifestaci\u00f3 que va paralitzar la ruta CH 201, entre Xile i l'Argentina.&nbsp;&nbsp;<br><\/p>\n\n\n\n<pre class=\"wp-block-verse has-text-align-left destacado has-text-color\" style=\"color:#516fb5;font-size:25px;font-style:normal;font-weight:700\">La Julia \u00e9s presidenta de la comunitat ind\u00edgena Putreguel, reconeguda el 2014 per la Corporaci\u00f3 Nacional de Desenvolupament Ind\u00edgena <\/pre>\n\n\n\n<p><strong>S\u00f3n 900 hect\u00e0rees de bosc natiu que cuida i protegeix la Julia Chu\u00f1il<\/strong>. Ella vivia en aquests terrenys, sense electricitat ni clavegueram. Al costat dels seus 5 gossos, 15 vaques, 2 cavalls, chanchos i gallines que cohabitaven entre esp\u00e8cies emblem\u00e0tiques com coig\u00fces, ulmos, murtes, lingues i canelos, arbre sagrat del poble maputxe. Entre ells envolten mam\u00edfers com la guineu chilote, el pud\u00fa i un puma, importants per a la cosmovisi\u00f3 ind\u00edgena.<br><\/p>\n\n\n\n<figure class=\"wp-block-image size-large\"><a href=\"https:\/\/yemayarevista.com\/wp-content\/uploads\/2025\/03\/Manifestacion.jpg\"><img fetchpriority=\"high\" decoding=\"async\" width=\"1024\" height=\"768\" src=\"https:\/\/yemayarevista.com\/wp-content\/uploads\/2025\/03\/Manifestacion-1024x768.jpg\" alt=\"\" class=\"wp-image-8141\" srcset=\"https:\/\/yemayarevista.com\/wp-content\/uploads\/2025\/03\/Manifestacion-1024x768.jpg 1024w, https:\/\/yemayarevista.com\/wp-content\/uploads\/2025\/03\/Manifestacion-300x225.jpg 300w, https:\/\/yemayarevista.com\/wp-content\/uploads\/2025\/03\/Manifestacion-768x576.jpg 768w, https:\/\/yemayarevista.com\/wp-content\/uploads\/2025\/03\/Manifestacion-16x12.jpg 16w, https:\/\/yemayarevista.com\/wp-content\/uploads\/2025\/03\/Manifestacion.jpg 1080w\" sizes=\"(max-width: 1024px) 100vw, 1024px\" \/><\/a><figcaption class=\"wp-element-caption\"><em>Manifestacio per demanar just\u00edcia per la Julia Chu\u00f1il. | Cedida<\/em><\/figcaption><\/figure>\n\n\n\n<h2 class=\"wp-block-heading\" style=\"font-size:21px\"><strong>La terra, un b\u00e9 comercial <\/strong><\/h2>\n\n\n\n<p>El predi alberga una rica biodiversitat caracter\u00edstica de la regi\u00f3, fonamental per a la regulaci\u00f3 h\u00eddrica, la captura de carboni i el manteniment de s\u00f2ls saludables. Diversitat biol\u00f2gica que forma part integral de la cosmovisi\u00f3 maputxe, la qual associa la salut de l'entorn natural amb el benestar de la comunitat.<\/p>\n\n\n\n<p>Sebasti\u00e1n Benfeld, primer xil\u00e8 a ser premiat per la Cimera de Joves de l'ONU i fundador de <a href=\"https:\/\/www.escazuahorachile.cl\/\" target=\"_blank\" rel=\"noreferrer noopener\">Escaz\u00fa Ahora<\/a>, projecte que va impulsar l'adhesi\u00f3 de Xile al pacte d'Escaz\u00fa i que actualment treballa en la defensa del medi ambient, explica que aquest \u00e9s un pulm\u00f3 verd entre forestals: \u201c<strong>\u00c9s un terreny d'extrem inter\u00e8s per als empresaris locals perqu\u00e8 \u00e9s l'\u00fanic sector que queda per explotar<\/strong>\u201d, ja que a m\u00e9s \u201chi ha cinc cursos d'aigua, llavors hi ha possibilitats tamb\u00e9 de revendre aquest recurs natural\u201d. La constituci\u00f3 de Xile consagra expl\u00edcitament els drets d'aprofitament d'aigua com un b\u00e9 privat.<\/p>\n\n\n\n<p>Dies previs a la seva desaparici\u00f3, durant el funeral d'\u201cuna ve\u00efna molt volguda\u201d, la Lyssete recorda sentir la seva \u00e0via comentar que un empresari \u201cl'assetjava, l'amena\u00e7ava, la volia comprar, li oferia molts diners: milions i milions\u201d.<br><\/p>\n\n\n\n<figure class=\"wp-block-image size-full\"><a href=\"https:\/\/yemayarevista.com\/wp-content\/uploads\/2025\/03\/maps.png\"><img decoding=\"async\" width=\"902\" height=\"496\" src=\"https:\/\/yemayarevista.com\/wp-content\/uploads\/2025\/03\/maps.png\" alt=\"\" class=\"wp-image-8142\" srcset=\"https:\/\/yemayarevista.com\/wp-content\/uploads\/2025\/03\/maps.png 902w, https:\/\/yemayarevista.com\/wp-content\/uploads\/2025\/03\/maps-300x165.png 300w, https:\/\/yemayarevista.com\/wp-content\/uploads\/2025\/03\/maps-768x422.png 768w, https:\/\/yemayarevista.com\/wp-content\/uploads\/2025\/03\/maps-18x10.png 18w\" sizes=\"(max-width: 902px) 100vw, 902px\" \/><\/a><figcaption class=\"wp-element-caption\"><em>Imatge satel\u00b7lit\u00e0ria de la Reserva Cora N\u00famero u. | Google Earth<\/em><\/figcaption><\/figure>\n\n\n\n<p>El predi \u201cReserva Cora N\u00famero u\u201d, de 925,70 hect\u00e0rees, va ser assignat el 2013 per CONADI a la comunitat ind\u00edgena Blanco Lepin. El 2011, la comunitat negociava la seva compra de la propietat, que va passar del Banc Scotiabank a l'empresari Juan Carlos Morstadt, qui va excloure els drets d'aigua de la venda.<\/p>\n\n\n\n<pre class=\"wp-block-verse has-text-align-left destacado has-text-color\" style=\"color:#516fb5;font-size:25px;font-style:normal;font-weight:700\">Un empresari \"l'assetjava, l'amena\u00e7ava, la volia comprar, li oferia molts diners: milions i milions\"<\/pre>\n\n\n\n<p>Morstadt va adquirir el terreny amb un cr\u00e8dit de $799.400.000, pagat en part amb els diners de la venda a Blanco Lepin. CONADI va pagar $1.114.250.000 pel predi, amb un valor de $1.250.000 per hect\u00e0rea. El contracte exigia que Morstadt volt\u00e9s tot el predi abans de rebre el pagament, per\u00f2 li va faltar el 13% d'aquest. Incompliment que activaria la resoluci\u00f3 autom\u00e0tica del contracte, no obstant aix\u00f2, CONADI va lliurar els diners d'igual forma. <strong>El 2013, La Comunitat Ind\u00edgena Blanc Lepin va demandar a Agr\u00edcola, Forestal i Ramadera Juan Carlos Morstadt Anwandter E.I.R.L., Banc Scotiabank Xile S.A. i CONADI per incompliment contractual<\/strong>. El 2015 la sent\u00e8ncia va declarar resolt el contracte i va ordenar la restituci\u00f3 m\u00fatua de la propietat i els diners a CONADI.<\/p>\n\n\n\n<p>Aix\u00f2 va suposar fer pas al fet que la comunitat Putreguel recuper\u00e9s les terres i es fes c\u00e0rrec de la seva defensa.<\/p>\n\n\n\n<h2 class=\"wp-block-heading\" style=\"font-size:21px\"><strong>\u00c0via, dirigent i maputxe <\/strong><\/h2>\n\n\n\n<p>\u201cNosaltres ens criem menjant farina torrada\u201d explica la Lyssete. La Julia tenia una gran forma f\u00edsica. \u201cElla sempre ha estat d'aixecar-se a primera hora. Recorda, tipus set del mat\u00ed estar al parador a l'hivern amb fred i pluja, i ella podia venir de tornada de veure als seus animals\u201d. Solia ser firaire, tenia un petit celler i feia el seu recorregut entre els ve\u00efns o al poble per vendre la seva farina, verdures i carn. \u201cLa meva \u00e0via parlava amb els animals, sempre ens deia que l'entenien\u201d, apunta la Lyssete. La Julia tamb\u00e9 li va ensenyar a demanar perm\u00eds a la mare terra: \u201cHola planteta. Et demano perm\u00eds, et traur\u00e9 una rameta per a sentir-me millor i tu creixer\u00e0s m\u00e9s gran\u201d.<\/p>\n\n\n\n<p>De nena, tots els dissabtes a la tarda, la Julia muntava la seva egua i anava a buscar al seu net Jose Manuel i a la Lyssette. \u201cLi deia 'la tren', perqu\u00e8 era una egua llarga i hi cab\u00edem els tres\u201d. La Julia era evang\u00e8lica, els portava al \u201cculte\u201d, com denomina la Lyssette. \u201cA la tarda, quan torn\u00e0vem ens feia por, perqu\u00e8 sent\u00edem el puma. Amb el primer ocellet, ella sempre ens convencia que \u2018aquest ocellet dona el senyal que camina el lle\u00f3 a prop\u2019, ens deia que no hav\u00edem de tenir por i munt\u00e0vem cantant coritos\u201d fent refer\u00e8ncia als cants religiosos.<\/p>\n\n\n\n<figure class=\"wp-block-image size-full\"><a href=\"https:\/\/yemayarevista.com\/wp-content\/uploads\/2025\/03\/Julia-con-sus-bueyes-1.jpg\"><img decoding=\"async\" width=\"708\" height=\"547\" src=\"https:\/\/yemayarevista.com\/wp-content\/uploads\/2025\/03\/Julia-con-sus-bueyes-1.jpg\" alt=\"\" class=\"wp-image-8144\" srcset=\"https:\/\/yemayarevista.com\/wp-content\/uploads\/2025\/03\/Julia-con-sus-bueyes-1.jpg 708w, https:\/\/yemayarevista.com\/wp-content\/uploads\/2025\/03\/Julia-con-sus-bueyes-1-300x232.jpg 300w, https:\/\/yemayarevista.com\/wp-content\/uploads\/2025\/03\/Julia-con-sus-bueyes-1-16x12.jpg 16w\" sizes=\"(max-width: 708px) 100vw, 708px\" \/><\/a><figcaption class=\"wp-element-caption\"><em>La Julia i el seu ramat de bous units mitjan\u00e7ant un jou. | Cedida per la Lyssette<\/em><\/figcaption><\/figure>\n\n\n\n<p><strong>Tamb\u00e9 li va ensenyar l'orgull de ser maputxe. La Lyssette \u00e9s l'\u00faltima de la seva generaci\u00f3, mai ha deixat de rebre burles, per\u00f2 s\u00ed que va deixar de tenyir-se el seu caracter\u00edstic p\u00e8l ind\u00edgena com a negaci\u00f3<\/strong>. \u201cElla sempre em deia que no havia de tenir vergonya\u201d, comenta. La Julia era una de cinc germanes dones, va n\u00e9ixer al Huichaco en una ruca, habitatge tradicional maputxe. El seu pare va quedar vidu, i cada germana va ser lliurada a una fam\u00edlia. La Julia es va criar amb els V\u00e1squez, on els seus or\u00edgens eren discriminats i catalogats d'\u2018indis\u2019. Aix\u00f2 li va fer treballar i despla\u00e7ar-se des de molt jove per la seva independ\u00e8ncia, per a despr\u00e9s tornar a la seva terra.&nbsp;<\/p>\n\n\n\n<p>L' <a href=\"https:\/\/obtienearchivo.bcn.cl\/obtienearchivo?id=repositorio\/10221\/35903\/1\/Los_pueblos_Indigenas_y_sus_Comunidades_en_Chile._Reconocimiento_y_distribucion_geografica.pdf#:~:text=A%20marzo%20de%202024%2C%20seg%C3%BAn,4.270%20corresponden%20al%20pueblo%20Mapuche.\" target=\"_blank\" rel=\"noreferrer noopener\">abril de 2024<\/a>, <strong>la Corporaci\u00f3 Nacional de Desenvolupament Ind\u00edgenes (CONADI) va recon\u00e8ixer 4.743 comunitats ind\u00edgenes, de les quals 4.270 corresponen al poble Maputxe<\/strong>. Un dels onze pobles reconeguts per l'Estat de Xile. Espec\u00edficament, a la regi\u00f3 dels Rius, hi habiten 585 comunitats conformades per 11.476 fam\u00edlies. Des del 2014 Putreguel \u00e9s una d'elles, la qual recull 13 fam\u00edlies: els Chu\u00f1il, Trecano, Tripai, Almonesir, Huechunpan i els Huenulef.<\/p>\n\n\n\n<p>La Julia Chu\u00f1il la presideix, \u00e9s ella qui va decidir formar-la a la seva comuna, M\u00e1fil. Al costat del seu cavall va fer la seva ruta habitual de comerciant, de porta a porta va preguntar qui volia integrar-se la comunitat, ja que all\u00ed no n'hi havia cap i al seu territori havien de reunir-se per a fer les seves recuperacions de terra, perqu\u00e8 com recorda la Lyssette \u201cantigament tot aix\u00f2 era ind\u00edgena\u201d, part del Wallmapu.<br><\/p>\n\n\n\n<h2 class=\"wp-block-heading\" style=\"font-size:21px\"><strong>Xile no protegeix els seus defensors<\/strong> <span id=\"docs-internal-guid-02c45e3b-7fff-53a0-a5fe-b5cbf81fef21\" style=\"font-weight:normal;\"><div><span style=\"font-size: 11pt; font-family: Arial, sans-serif; background-color: transparent; font-weight: 700; font-variant-numeric: normal; font-variant-east-asian: normal; font-variant-alternates: normal; font-variant-position: normal; font-variant-emoji: normal; vertical-align: baseline;\"><\/span><\/div><\/span><\/h2>\n\n\n\n<p>\u201cNo hi ha cap manera que una persona defensora ambiental tingui seguretat davant d'una amena\u00e7a, atac o fustigaci\u00f3, m\u00e9s enll\u00e0 dels mitjans comuns que en realitat no funcionen\u201d, assegura rotundament el Sebasti\u00e1n Benefeld. A Xile no es troba establerta la figura del defensor ambiental, per tant no existeixen protocols de cerca o processos judicials espec\u00edfics. Existeix un buit tant educatiu com legislatiu.&nbsp;<br><\/p>\n\n\n\n<pre class=\"wp-block-verse has-text-align-left destacado has-text-color\" style=\"color:#516fb5;font-size:25px;font-style:normal;font-weight:700\">\"No hi ha cap manera que una persona defensora ambiental tingui seguretat davant d'una amena\u00e7a, atac o fustigaci\u00f3, m\u00e9s enll\u00e0 dels mitjans comuns que en realitat no funcionen\"<\/pre>\n\n\n\n<p>Des de l'any 2018, la Julia comen\u00e7a a patir diverses amenaces, al costat de persecucions i actes de fustigaci\u00f3. Es van fer tan usuals que va avisar a familiars i pr\u00f2xims que en cas de passar-li alguna cosa hi havia un culpable. Aquest \u00e9s identificat com un empresari local,  interessat en la tala de bosc natiu i la comercialitzaci\u00f3 de llenya. Primer va ser un intent de convenciment, al qual ella constantment es va negar. Dels diners es passen als actes intimidatoris, <strong>\u201cnosaltres constatem que a mesura que van passar els anys, aquest empresari va comen\u00e7ar a subornar a ve\u00efns de la Julia perqu\u00e8 comencessin a realitzar accions violentes, com per exemple el tall d'un cam\u00ed i un intent de crema de la casa\u201d<\/strong>, explica el Sebasti\u00e1n, qui afegeix que el 2024 va haver-hi tres actes d'agressi\u00f3.<\/p>\n\n\n\n<p>La fundaci\u00f3n Escaz\u00fa Ahora junto a la familia Chu\u00f1il se querell\u00f3 contra todos quienes resulten responsables por el delito de secuestro, homicidio y feminicidio. Tambi\u00e9n llev\u00f3 el caso de la desaparici\u00f3n de Julia a la Comisi\u00f3n Interamericana de Derechos Humanos. \u201cLo \u00fanico que va a nuestro favor es la organizaci\u00f3n y fundaciones que se han contactado para difundir el caso\u201d reflexiona Lyssette. \u201cHay d\u00edas que el trato de parte de las polic\u00edas y la investigaci\u00f3n nos hace pensar que para ellos nosotros somos los sospechosos, la familia\u201d, a\u00f1ade.<\/p>\n\n\n\n<p><a href=\"https:\/\/www.escazuahorachile.cl\/_files\/ugd\/3d8d98_4e6b1a8b1de740679a31f8b3e316a556.pdf\" target=\"_blank\" rel=\"noreferrer noopener\">L'\u00faltim informe d'Escaz\u00fa Ahora<\/a> i \u00fanic a Xile va mostrar que nom\u00e9s el 2023 es van identificar 35 casos de vulneracions contra defensors ambientals. <strong>El 65% de la poblaci\u00f3 afectada s'identifica amb el g\u00e8nere femen\u00ed<\/strong>. La qual cosa no nom\u00e9s devela la pres\u00e8ncia significativa de les dones en la defensa ambiental, sin\u00f3 tamb\u00e9 la vulnerabilitat espec\u00edfica a la qual es troben. Sumat al fet que el rang d'edat m\u00e9s freq\u00fcent est\u00e0 situat entre els 70 i 78 anys.<\/p>\n\n\n\n<p>Xile i l'Uruguai s\u00f3n els \u00fanics pa\u00efsos de la regi\u00f3 que no compten amb el c\u00e0rrec de Defensor del Poble o Ombudsman. Malgrat ser signants de l'Acord de Escaz\u00fa <a href=\"https:\/\/obtienearchivo.bcn.cl\/obtienearchivo?id=repositorio\/10221\/33189\/2\/Acuerdo_de_Escazu._Aprobacion_1T_Camara.pdf\" target=\"_blank\" rel=\"noreferrer noopener\">des del 2022<\/a>, hi ha poc coneixement de la mat\u00e8ria. El mes de gener, el fiscal nacional \u00c1ngel Val\u00e8ncia va confirmar que s'aplicar\u00e0 un protocol internacional de cerca. No obstant aix\u00f2, el Sebasti\u00e1n aclareix \u201cel que existeix \u00e9s un protocol de coordinaci\u00f3 interinstitucional per a recon\u00e8ixer i protegir els defensors de drets humans, que \u00e9s un protocol que ha estat treballant la Sotssecretaria de Drets Humans durant un any\u201d.<\/p>\n\n\n\n<p>Protocolo que llev\u00f3 a la activaci\u00f3n de mesa de coordinaci\u00f3n institucional \u201cel \u00fanico intento hasta ahora para implementar el acuerdo Escaz\u00fa\u201d, seg\u00fan opina Sebasti\u00e1n. Algo que tambi\u00e9n miran con duda \u201c\u00bfHasta qu\u00e9 punto el Estado se involucra en la investigaci\u00f3n que tambi\u00e9n es reservada? No se espera que el Estado sea juez y parte\u201d.<\/p>\n\n\n\n<p><strong>Malgrat que la Fiscalia va aixecar el secret de recerca, la fam\u00edlia encara no pot accedir a la carpeta investigativa i ja passats els quatre mesos no existeix cap rastre del parador de la Julia<\/strong>. \u201cUn dia vaig somiar amb la meva \u00e0via Julia. La veia viva\u201d confessa la Lyssete, \u201cvinc a menjar a un dinar familiar \u2014continua\u2014 ella arriba i s'asseu\u201d. Explica que la seva cosina Ayl\u00e9n va somiar el mateix el mateix dia.<br><\/p>\n\n\n\n<p><\/p>\n\n\n\n<p><\/p>","protected":false},"excerpt":{"rendered":"<p>El viernes 8 de noviembre de 2024 desapareci\u00f3 la dirigente mapuche Julia Chu\u00f1il Catricura junto a su perro Cholito. A cuatro meses no existe ning\u00fan rastro y tampoco se ha podido acceder a la carpeta de investigaci\u00f3n Chile \u201cOl\u00eda siempre a humo, porque se la pasaba tostando el trigo. Un olorcito como a pan calentito, [&hellip;]<\/p>","protected":false},"author":16,"featured_media":8160,"comment_status":"closed","ping_status":"closed","sticky":false,"template":"","format":"standard","meta":{"footnotes":""},"categories":[80],"tags":[],"destacado":[],"ppma_author":[94],"class_list":["post-8130","post","type-post","status-publish","format-standard","has-post-thumbnail","hentry","category-america-latina"],"acf":[],"authors":[{"term_id":94,"user_id":16,"is_guest":0,"slug":"lexia-galanakis","display_name":"\u0391lexia Galanakis","avatar_url":"https:\/\/secure.gravatar.com\/avatar\/?s=96&d=mm&r=g","first_name":"","last_name":"","user_url":"","description":""}],"_links":{"self":[{"href":"https:\/\/yemayarevista.com\/ca\/wp-json\/wp\/v2\/posts\/8130","targetHints":{"allow":["GET"]}}],"collection":[{"href":"https:\/\/yemayarevista.com\/ca\/wp-json\/wp\/v2\/posts"}],"about":[{"href":"https:\/\/yemayarevista.com\/ca\/wp-json\/wp\/v2\/types\/post"}],"author":[{"embeddable":true,"href":"https:\/\/yemayarevista.com\/ca\/wp-json\/wp\/v2\/users\/16"}],"replies":[{"embeddable":true,"href":"https:\/\/yemayarevista.com\/ca\/wp-json\/wp\/v2\/comments?post=8130"}],"version-history":[{"count":0,"href":"https:\/\/yemayarevista.com\/ca\/wp-json\/wp\/v2\/posts\/8130\/revisions"}],"wp:featuredmedia":[{"embeddable":true,"href":"https:\/\/yemayarevista.com\/ca\/wp-json\/wp\/v2\/media\/8160"}],"wp:attachment":[{"href":"https:\/\/yemayarevista.com\/ca\/wp-json\/wp\/v2\/media?parent=8130"}],"wp:term":[{"taxonomy":"category","embeddable":true,"href":"https:\/\/yemayarevista.com\/ca\/wp-json\/wp\/v2\/categories?post=8130"},{"taxonomy":"post_tag","embeddable":true,"href":"https:\/\/yemayarevista.com\/ca\/wp-json\/wp\/v2\/tags?post=8130"},{"taxonomy":"destacado","embeddable":true,"href":"https:\/\/yemayarevista.com\/ca\/wp-json\/wp\/v2\/destacado?post=8130"},{"taxonomy":"author","embeddable":true,"href":"https:\/\/yemayarevista.com\/ca\/wp-json\/wp\/v2\/ppma_author?post=8130"}],"curies":[{"name":"wp","href":"https:\/\/api.w.org\/{rel}","templated":true}]}}